{"id":1302,"date":"2023-11-09T15:04:38","date_gmt":"2023-11-09T14:04:38","guid":{"rendered":"https:\/\/gs-partenheim.de\/?p=1302"},"modified":"2023-11-09T15:04:38","modified_gmt":"2023-11-09T14:04:38","slug":"sankt-martin-in-unserer-grundschule","status":"publish","type":"post","link":"https:\/\/gs-partenheim.de\/?p=1302","title":{"rendered":"Sankt Martin in unserer Grundschule"},"content":{"rendered":"<p><span style=\"font-family: Comic Sans MS, serif;\"><span style=\"font-size: large;\">Heute haben wir gemeinsam mit unseren Religions- und Ethiklehrerinnen eine kleine schulinterne Sankt Martinsfeier gefeiert. Freundlicherweise durften wir die Kirche nutzen, die Kinder haben zusammen gesungen und Gedichte vorgetragen und Frau Gruber hat uns allen noch einmal sehr anschaulich die Sankt Martinsgeschichte erz\u00e4hlt. <\/span><\/span><\/p>\n<p><span style=\"font-family: Comic Sans MS, serif;\"><span style=\"font-size: large;\">Gesammelt haben wir f\u00fcr die Schule in Tansania, die unsere Referendarin Frau Nikolay mitgegr\u00fcndet hat. Ohne schon zu viel verraten zu wollen, sind \u00fcber 300 Euro zusammengekommen. <\/span><\/span><\/p>\n<p><span style=\"font-family: Comic Sans MS, serif;\"><span style=\"font-size: large;\">Der Schulelternbeirat hat uns dann noch mit klassischen ,,Buweschenkeln\u201c bedacht. Es war ganz toll zu beobachten, wie einige Sch\u00fcler und Sch\u00fclerinnen tats\u00e4chlich den ,,Buwen\u201c in der Mitte brachen und teilten. <\/span><\/span><\/p>\n<p><span style=\"font-family: Comic Sans MS, serif;\"><span style=\"font-size: large;\">Jeder kann ein St\u00fcck Licht in die Welt bringen. Danke an alle Helferinnen und Helfer und allen Kindern f\u00fcr das flei\u00dfige Spendensammeln. <\/span><\/span><\/p>\n<p>&nbsp;<\/p>\n<p><img loading=\"lazy\" decoding=\"async\" class=\"alignleft size-medium wp-image-1303\" src=\"https:\/\/gs-partenheim.de\/wp-content\/uploads\/2023\/11\/Sankt-Martin-2023-2-225x300.jpg\" alt=\"\" width=\"225\" height=\"300\" srcset=\"https:\/\/gs-partenheim.de\/wp-content\/uploads\/2023\/11\/Sankt-Martin-2023-2-225x300.jpg 225w, https:\/\/gs-partenheim.de\/wp-content\/uploads\/2023\/11\/Sankt-Martin-2023-2-768x1024.jpg 768w, https:\/\/gs-partenheim.de\/wp-content\/uploads\/2023\/11\/Sankt-Martin-2023-2-1152x1536.jpg 1152w, https:\/\/gs-partenheim.de\/wp-content\/uploads\/2023\/11\/Sankt-Martin-2023-2-1536x2048.jpg 1536w, https:\/\/gs-partenheim.de\/wp-content\/uploads\/2023\/11\/Sankt-Martin-2023-2-scaled.jpg 1920w\" sizes=\"auto, (max-width: 225px) 100vw, 225px\" \/> <img loading=\"lazy\" decoding=\"async\" class=\"alignleft size-medium wp-image-1304\" src=\"https:\/\/gs-partenheim.de\/wp-content\/uploads\/2023\/11\/Sankt-Martin-2023-300x225.jpg\" alt=\"\" width=\"300\" height=\"225\" srcset=\"https:\/\/gs-partenheim.de\/wp-content\/uploads\/2023\/11\/Sankt-Martin-2023-300x225.jpg 300w, https:\/\/gs-partenheim.de\/wp-content\/uploads\/2023\/11\/Sankt-Martin-2023-1024x768.jpg 1024w, https:\/\/gs-partenheim.de\/wp-content\/uploads\/2023\/11\/Sankt-Martin-2023-768x576.jpg 768w, https:\/\/gs-partenheim.de\/wp-content\/uploads\/2023\/11\/Sankt-Martin-2023-1536x1152.jpg 1536w, https:\/\/gs-partenheim.de\/wp-content\/uploads\/2023\/11\/Sankt-Martin-2023-2048x1536.jpg 2048w\" sizes=\"auto, (max-width: 300px) 100vw, 300px\" \/><\/p>\n","protected":false},"excerpt":{"rendered":"<p>Heute haben wir gemeinsam mit unseren Religions- und Ethiklehrerinnen eine kleine schulinterne Sankt Martinsfeier gefeiert. Freundlicherweise durften wir die Kirche nutzen, die Kinder haben zusammen gesungen und Gedichte vorgetragen und Frau Gruber hat uns allen noch einmal sehr anschaulich die &hellip; <\/p>\n","protected":false},"author":2,"featured_media":0,"comment_status":"closed","ping_status":"closed","sticky":false,"template":"","format":"standard","meta":{"ngg_post_thumbnail":0,"footnotes":""},"categories":[3],"tags":[],"class_list":["post-1302","post","type-post","status-publish","format-standard","hentry","category-schulisches"],"_links":{"self":[{"href":"https:\/\/gs-partenheim.de\/index.php?rest_route=\/wp\/v2\/posts\/1302","targetHints":{"allow":["GET"]}}],"collection":[{"href":"https:\/\/gs-partenheim.de\/index.php?rest_route=\/wp\/v2\/posts"}],"about":[{"href":"https:\/\/gs-partenheim.de\/index.php?rest_route=\/wp\/v2\/types\/post"}],"author":[{"embeddable":true,"href":"https:\/\/gs-partenheim.de\/index.php?rest_route=\/wp\/v2\/users\/2"}],"replies":[{"embeddable":true,"href":"https:\/\/gs-partenheim.de\/index.php?rest_route=%2Fwp%2Fv2%2Fcomments&post=1302"}],"version-history":[{"count":1,"href":"https:\/\/gs-partenheim.de\/index.php?rest_route=\/wp\/v2\/posts\/1302\/revisions"}],"predecessor-version":[{"id":1305,"href":"https:\/\/gs-partenheim.de\/index.php?rest_route=\/wp\/v2\/posts\/1302\/revisions\/1305"}],"wp:attachment":[{"href":"https:\/\/gs-partenheim.de\/index.php?rest_route=%2Fwp%2Fv2%2Fmedia&parent=1302"}],"wp:term":[{"taxonomy":"category","embeddable":true,"href":"https:\/\/gs-partenheim.de\/index.php?rest_route=%2Fwp%2Fv2%2Fcategories&post=1302"},{"taxonomy":"post_tag","embeddable":true,"href":"https:\/\/gs-partenheim.de\/index.php?rest_route=%2Fwp%2Fv2%2Ftags&post=1302"}],"curies":[{"name":"wp","href":"https:\/\/api.w.org\/{rel}","templated":true}]}}