{"id":1362,"date":"2024-02-26T19:00:19","date_gmt":"2024-02-26T18:00:19","guid":{"rendered":"https:\/\/gs-partenheim.de\/?p=1362"},"modified":"2024-03-05T19:04:23","modified_gmt":"2024-03-05T18:04:23","slug":"zu-besuch-beim-zdf-mainz","status":"publish","type":"post","link":"https:\/\/gs-partenheim.de\/?p=1362","title":{"rendered":"Zu Besuch beim ZDF Mainz"},"content":{"rendered":"<p>Heute besuchte die 3. Klasse das ZDF-Gel\u00e4nde in Mainz. Hier gab es viel zu bestaunen: ein gro\u00dfes und ein kleines Fernsehstudio mit \u00fcber 200 Scheinwerfern, die Regie sowie eine Greenbox. Zudem durften die Kinder das Moderieren vor der Kamera ausprobieren. Ein rundum gelungener Vormittag.<\/p>\n<p>V. D\u00f6rr<\/p>\n<p><img loading=\"lazy\" decoding=\"async\" class=\"alignleft size-medium wp-image-1363\" src=\"https:\/\/gs-partenheim.de\/wp-content\/uploads\/2024\/03\/zdf_1-300x225.png\" alt=\"\" width=\"300\" height=\"225\" srcset=\"https:\/\/gs-partenheim.de\/wp-content\/uploads\/2024\/03\/zdf_1-300x225.png 300w, https:\/\/gs-partenheim.de\/wp-content\/uploads\/2024\/03\/zdf_1-1024x768.png 1024w, https:\/\/gs-partenheim.de\/wp-content\/uploads\/2024\/03\/zdf_1-768x576.png 768w, https:\/\/gs-partenheim.de\/wp-content\/uploads\/2024\/03\/zdf_1-1536x1152.png 1536w, https:\/\/gs-partenheim.de\/wp-content\/uploads\/2024\/03\/zdf_1-2048x1536.png 2048w\" sizes=\"auto, (max-width: 300px) 100vw, 300px\" \/> <img loading=\"lazy\" decoding=\"async\" class=\"alignleft size-medium wp-image-1364\" src=\"https:\/\/gs-partenheim.de\/wp-content\/uploads\/2024\/03\/zdf_2-225x300.jpg\" alt=\"\" width=\"225\" height=\"300\" srcset=\"https:\/\/gs-partenheim.de\/wp-content\/uploads\/2024\/03\/zdf_2-225x300.jpg 225w, https:\/\/gs-partenheim.de\/wp-content\/uploads\/2024\/03\/zdf_2.jpg 625w\" sizes=\"auto, (max-width: 225px) 100vw, 225px\" \/> <img loading=\"lazy\" decoding=\"async\" class=\"alignleft size-medium wp-image-1365\" src=\"https:\/\/gs-partenheim.de\/wp-content\/uploads\/2024\/03\/zdf_3-300x225.png\" alt=\"\" width=\"300\" height=\"225\" srcset=\"https:\/\/gs-partenheim.de\/wp-content\/uploads\/2024\/03\/zdf_3-300x225.png 300w, https:\/\/gs-partenheim.de\/wp-content\/uploads\/2024\/03\/zdf_3-1024x768.png 1024w, https:\/\/gs-partenheim.de\/wp-content\/uploads\/2024\/03\/zdf_3-768x576.png 768w, https:\/\/gs-partenheim.de\/wp-content\/uploads\/2024\/03\/zdf_3-1536x1152.png 1536w, https:\/\/gs-partenheim.de\/wp-content\/uploads\/2024\/03\/zdf_3-2048x1536.png 2048w\" sizes=\"auto, (max-width: 300px) 100vw, 300px\" \/><\/p>\n","protected":false},"excerpt":{"rendered":"<p>Heute besuchte die 3. Klasse das ZDF-Gel\u00e4nde in Mainz. Hier gab es viel zu bestaunen: ein gro\u00dfes und ein kleines Fernsehstudio mit \u00fcber 200 Scheinwerfern, die Regie sowie eine Greenbox. Zudem durften die Kinder das Moderieren vor der Kamera ausprobieren. &hellip; <\/p>\n","protected":false},"author":2,"featured_media":0,"comment_status":"closed","ping_status":"closed","sticky":false,"template":"","format":"standard","meta":{"ngg_post_thumbnail":0,"footnotes":""},"categories":[3],"tags":[],"class_list":["post-1362","post","type-post","status-publish","format-standard","hentry","category-schulisches"],"_links":{"self":[{"href":"https:\/\/gs-partenheim.de\/index.php?rest_route=\/wp\/v2\/posts\/1362","targetHints":{"allow":["GET"]}}],"collection":[{"href":"https:\/\/gs-partenheim.de\/index.php?rest_route=\/wp\/v2\/posts"}],"about":[{"href":"https:\/\/gs-partenheim.de\/index.php?rest_route=\/wp\/v2\/types\/post"}],"author":[{"embeddable":true,"href":"https:\/\/gs-partenheim.de\/index.php?rest_route=\/wp\/v2\/users\/2"}],"replies":[{"embeddable":true,"href":"https:\/\/gs-partenheim.de\/index.php?rest_route=%2Fwp%2Fv2%2Fcomments&post=1362"}],"version-history":[{"count":1,"href":"https:\/\/gs-partenheim.de\/index.php?rest_route=\/wp\/v2\/posts\/1362\/revisions"}],"predecessor-version":[{"id":1366,"href":"https:\/\/gs-partenheim.de\/index.php?rest_route=\/wp\/v2\/posts\/1362\/revisions\/1366"}],"wp:attachment":[{"href":"https:\/\/gs-partenheim.de\/index.php?rest_route=%2Fwp%2Fv2%2Fmedia&parent=1362"}],"wp:term":[{"taxonomy":"category","embeddable":true,"href":"https:\/\/gs-partenheim.de\/index.php?rest_route=%2Fwp%2Fv2%2Fcategories&post=1362"},{"taxonomy":"post_tag","embeddable":true,"href":"https:\/\/gs-partenheim.de\/index.php?rest_route=%2Fwp%2Fv2%2Ftags&post=1362"}],"curies":[{"name":"wp","href":"https:\/\/api.w.org\/{rel}","templated":true}]}}